[{"@context":"https:\/\/schema.org\/","@type":"Blog","@id":"https:\/\/www.labelle.cz#Blog","headline":"Labelle","description":"\nHled\u00e1te n\u011bkoho, kdo by tu byl v\u017edy a za v\u0161ech okolnost\u00ed pro v\u00e1s, kdo by v\u00e1s nenechal na holi\u010dk\u00e1ch? Pokud jste na\u0161li n\u00e1\u0161 web, na\u0161li jste p\u0159esn\u011b n\u011bkoho takov\u00e9ho.","url":"https:\/\/www.labelle.cz","hasPart":[{"@type":"Article","@id":"https:\/\/www.labelle.cz\/neco-pro-extra-tridu\/","headline":"N\u011bco pro extra t\u0159\u00eddu!","url":"https:\/\/www.labelle.cz\/neco-pro-extra-tridu\/","datePublished":"2016-11-30","dateModified":"2023-05-07","mainEntityOfPage":"https:\/\/www.labelle.cz\/neco-pro-extra-tridu\/","author":{"@type":"Person","@id":"https:\/\/www.labelle.cz\/author\/#Person","name":"","url":"https:\/\/www.labelle.cz\/author\/","identifier":1,"image":{"@type":"ImageObject","@id":"https:\/\/secure.gravatar.com\/avatar\/9d25b0af9840660883a67790aa4f595ddc226aa4680c4cf7bc03a25c14fcef85?s=96&d=mm&r=g","url":"https:\/\/secure.gravatar.com\/avatar\/9d25b0af9840660883a67790aa4f595ddc226aa4680c4cf7bc03a25c14fcef85?s=96&d=mm&r=g","height":96,"width":96}},"publisher":{"@type":"Organization","name":"labelle.cz","logo":{"@type":"ImageObject","@id":"\/logo.png","url":"\/logo.png","width":600,"height":60}},"image":null,"wordCount":406,"keywords":null}]},{"@context":"https:\/\/schema.org","@type":"WebSite","@id":"https:\/\/www.labelle.cz\/#website","name":"Labelle","url":"https:\/\/www.labelle.cz","potentialAction":{"@type":"SearchAction","target":"https:\/\/www.labelle.cz\/?s={search_term_string}","query-input":"required name=search_term_string"}}]