[{"@context":"https:\/\/schema.org\/","@type":"Article","@id":"https:\/\/www.labelle.cz\/opticke-zvetseni-prostoru-je-klicem-k-uspechu\/#Article","mainEntityOfPage":"https:\/\/www.labelle.cz\/opticke-zvetseni-prostoru-je-klicem-k-uspechu\/","headline":"Optick\u00e9 zv\u011bt\u0161en\u00ed prostoru je kl\u00ed\u010dem k \u00fasp\u011bchu","name":"Optick\u00e9 zv\u011bt\u0161en\u00ed prostoru je kl\u00ed\u010dem k \u00fasp\u011bchu","description":"D\u0159\u00edve bylo b\u011b\u017en\u00e9, \u017ee \u00falo\u017en\u00fd prostor v ob\u00fdv\u00e1ku zab\u00edral celou jednu ze\u010f, a to \u010dasto a\u017e po strop. Nevyu\u017e\u00edval se toti\u017e jen na knihy nebo kompaktn\u00ed disky, ale nach\u00e1zely se v n\u011bm i d\u016fle\u017eit\u00e9 rodinn\u00e9 dokumenty, vystavovaly se zde skleni\u010dky, spole\u010densk\u00e9 hry a \u010dasto jste tam na\u0161li i zimn\u00ed kab\u00e1t.","datePublished":"2019-11-26","dateModified":"2023-05-07","author":{"@type":"Person","@id":"https:\/\/www.labelle.cz\/author\/#Person","name":"","url":"https:\/\/www.labelle.cz\/author\/","identifier":1,"image":{"@type":"ImageObject","@id":"https:\/\/secure.gravatar.com\/avatar\/9d25b0af9840660883a67790aa4f595ddc226aa4680c4cf7bc03a25c14fcef85?s=96&d=mm&r=g","url":"https:\/\/secure.gravatar.com\/avatar\/9d25b0af9840660883a67790aa4f595ddc226aa4680c4cf7bc03a25c14fcef85?s=96&d=mm&r=g","height":96,"width":96}},"publisher":{"@type":"Organization","name":"labelle.cz","logo":{"@type":"ImageObject","@id":"\/logo.png","url":"\/logo.png","width":600,"height":60}},"image":{"@type":"ImageObject","@id":"https:\/\/www.labelle.cz\/wp-content\/uploads\/img_a370623_w2199_t1582223043.jpg","url":"https:\/\/www.labelle.cz\/wp-content\/uploads\/img_a370623_w2199_t1582223043.jpg","height":0,"width":0},"url":"https:\/\/www.labelle.cz\/opticke-zvetseni-prostoru-je-klicem-k-uspechu\/","wordCount":437,"articleBody":"      D\u0159\u00edve bylo b\u011b\u017en\u00e9, \u017ee \u00falo\u017en\u00fd prostor v ob\u00fdv\u00e1ku zab\u00edral celou jednu ze\u010f, a to \u010dasto a\u017e po strop. Nevyu\u017e\u00edval se toti\u017e jen na knihy nebo kompaktn\u00ed disky, ale nach\u00e1zely se v n\u011bm i d\u016fle\u017eit\u00e9 rodinn\u00e9 dokumenty, vystavovaly se zde skleni\u010dky, spole\u010densk\u00e9 hry a \u010dasto jste tam na\u0161li i zimn\u00ed kab\u00e1t. Jednodu\u0161e se vyu\u017e\u00edvaly na v\u0161e p\u0159ebyte\u010dn\u00e9, co nebylo mo\u017en\u00e9 d\u00e1t jinam. Tak to ale dneska nen\u00ed. Modern\u00ed, jednoduch\u00e9 a minimalistick\u00e9 Luxusn\u00ed ob\u00fdvac\u00ed st\u011bny od N\u00e1bytku Elegance nab\u00edz\u00ed n\u00e1dhern\u00fd vzhled, vzdu\u0161n\u00e9 a mnohdy otev\u0159en\u00e9 police a p\u0159itom dostatek \u00falo\u017en\u00e9ho m\u00edsta na v\u0161e, co do nich skute\u010dn\u011b pat\u0159\u00ed. Nyn\u00ed je b\u011b\u017en\u00e9, \u017ee se n\u00e1bytek nach\u00e1z\u00ed pouze ve st\u0159edu m\u00edstnosti, kde je tak\u00e9 televize. Ta je um\u00edst\u011bna na sk\u0159\u00ed\u0148ce, anebo je p\u0159ipevn\u011bna ke zdi a n\u00e1bytek je pod nebo kolem n\u00ed. V\u0161echny velikosti, tvary a barvy Omezovat se nemus\u00edte ani na jeden tvar. V \u0161irok\u00e9 nab\u00eddce si snadno zvol\u00edte, zda budete cht\u00edt tvar L nebo O, anebo n\u011bco je\u0161t\u011b m\u00e9n\u011b tradi\u010dn\u00edho. Stejn\u011b experimentovat m\u016f\u017eete i s materi\u00e1lem a barvou. Tradi\u010dn\u011b z\u016fst\u00e1v\u00e1 popul\u00e1rn\u00ed d\u0159evo, \u010dasto v kombinaci s \u010dir\u00fdm nebo \u010dern\u00fdm sklem. Vhodn\u00e9 je tak\u00e9 za\u010dlenit do modelu kov, kter\u00fd stejn\u011b jako sklo p\u016fsob\u00ed velmi vzdu\u0161n\u011b a zvl\u00e1dne opticky zv\u011bt\u0161it prostor. V\u00fdrazn\u011bj\u0161\u00edch barev se ov\u0161em tak\u00e9 nemus\u00edte ob\u00e1vat, zejm\u00e9na pokud v nich m\u00e1te stylizovan\u00fd i zbytek interi\u00e9ru. Velmi obl\u00edben\u00e1 je \u010derven\u00e1 nebo fialov\u00e9, kter\u00e9 p\u016fsob\u00ed teple. B\u00edlou ale rozhodn\u011b tak\u00e9 nic nezkaz\u00edte. Pokoj bude p\u016fsobit velice sv\u011btle, vzdu\u0161n\u011b a ne tak pln\u011b, jak m\u016f\u017ee \u010dasto p\u016fsobit s tmav\u00fdm n\u00e1bytkem.   Kvalita je st\u00e1le d\u016fle\u017eit\u00e1 Sice se klade velk\u00fd d\u016fraz na design, ale na kvalitu zapom\u00ednat nesm\u00edte. Budete-li cht\u00edt n\u011bco levn\u011bj\u0161\u00edho, pod\u00edvejte se na lamino (LTD). Nejlep\u0161\u00ed je minim\u00e1ln\u011b p\u011btivrstv\u00e9 o s\u00edle alespo\u0148 18 mm, proto\u017ee slab\u0161\u00ed se za\u010dne brzy proh\u00fdbat. Ve st\u0159edn\u00ed cenov\u00e9 relaci najdete MDF desky, kter\u00e9 pohledov\u011b p\u0159ipom\u00ednaj\u00ed masiv. A nejdra\u017e\u0161\u00edm je samotn\u00fd masiv. Vydr\u017e\u00ed nejd\u00e9le, tak\u017ee pokud n\u00e1bytek pl\u00e1nujete na des\u00edtky let, bude zajist\u00e9 nejlep\u0161\u00ed variantou i p\u0159es vy\u0161\u0161\u00ed cenu.                                                                                                                                                                                                                                                                                                                                                                                          4.2\/5 - (11 votes)        "},{"@context":"https:\/\/schema.org\/","@type":"BreadcrumbList","itemListElement":[{"@type":"ListItem","position":1,"name":"Optick\u00e9 zv\u011bt\u0161en\u00ed prostoru je kl\u00ed\u010dem k \u00fasp\u011bchu","item":"https:\/\/www.labelle.cz\/opticke-zvetseni-prostoru-je-klicem-k-uspechu\/#breadcrumbitem"}]}]