[{"@context":"https:\/\/schema.org\/","@type":"Article","@id":"https:\/\/www.labelle.cz\/naplanujte-si-celou-sezonu\/#Article","mainEntityOfPage":"https:\/\/www.labelle.cz\/naplanujte-si-celou-sezonu\/","headline":"Napl\u00e1nujte si celou sez\u00f3nu","name":"Napl\u00e1nujte si celou sez\u00f3nu","description":"Kone\u010dn\u011b skon\u010dilo zimn\u00ed obdob\u00ed a za\u010d\u00edn\u00e1 doba letn\u00edch radov\u00e1nek. S p\u0159\u00edchodem jara a l\u00e9ta za\u010d\u00edn\u00e1 z\u00e1bava v podob\u011b n\u00e1v\u0161t\u011bv hrad\u016f a z\u00e1mk\u016f, historick\u00fdch a m\u011bstsk\u00fdch slavnost\u00ed a festival\u016f. Kdy\u017e je kr\u00e1sn\u00e9 po\u010das\u00ed a teploty se n\u00e1m vyhoupnou nad t\u0159icet stup\u0148\u016f, ut\u00edk\u00e1me na koupali\u0161t\u011b a k p\u0159ehrad\u00e1m. T\u00e9m\u011b\u0159 u ka\u017ed\u00e9 turistick\u00e9","datePublished":"2023-09-02","dateModified":"2023-09-02","author":{"@type":"Person","@id":"https:\/\/www.labelle.cz\/author\/#Person","name":"","url":"https:\/\/www.labelle.cz\/author\/","identifier":1,"image":{"@type":"ImageObject","@id":"https:\/\/secure.gravatar.com\/avatar\/9d25b0af9840660883a67790aa4f595ddc226aa4680c4cf7bc03a25c14fcef85?s=96&d=mm&r=g","url":"https:\/\/secure.gravatar.com\/avatar\/9d25b0af9840660883a67790aa4f595ddc226aa4680c4cf7bc03a25c14fcef85?s=96&d=mm&r=g","height":96,"width":96}},"publisher":{"@type":"Organization","name":"labelle.cz","logo":{"@type":"ImageObject","@id":"\/logo.png","url":"\/logo.png","width":600,"height":60}},"url":"https:\/\/www.labelle.cz\/naplanujte-si-celou-sezonu\/","wordCount":253,"articleBody":"Kone\u010dn\u011b skon\u010dilo zimn\u00ed obdob\u00ed a za\u010d\u00edn\u00e1 doba letn\u00edch radov\u00e1nek. S p\u0159\u00edchodem jara a l\u00e9ta za\u010d\u00edn\u00e1 z\u00e1bava v podob\u011b n\u00e1v\u0161t\u011bv hrad\u016f a z\u00e1mk\u016f, historick\u00fdch a m\u011bstsk\u00fdch slavnost\u00ed a festival\u016f. Kdy\u017e je kr\u00e1sn\u00e9 po\u010das\u00ed a teploty se n\u00e1m vyhoupnou nad t\u0159icet stup\u0148\u016f, ut\u00edk\u00e1me na koupali\u0161t\u011b a k p\u0159ehrad\u00e1m. T\u00e9m\u011b\u0159 u ka\u017ed\u00e9 turistick\u00e9 atrakce v\u00fdletn\u00edci vyhled\u00e1vaj\u00ed mo\u017enost rychl\u00e9ho ob\u010derstven\u00ed \u010di zchlazen\u00ed v podob\u011b dobr\u00e9ho n\u00e1poje \u010di zmrzliny. Postavte si na vybran\u00e9 m\u00edsto prodejn\u00ed st\u00e1nek a postarejte se o turisty! Je pot\u011b\u0161\u00edte a sebe tak\u00e9, a to d\u00edky vysok\u00fdm v\u00fdd\u011blk\u016fm!\tPracujete pouze od jara do l\u00e9taNec\u00edt\u00edte se na to, abyste pracovali po cel\u00fd rok? Vyd\u011blejte pouze p\u0159es sez\u00f3nu a zbytek roku si dop\u0159ejte zaslou\u017een\u00fd odpo\u010dinek! Takovou mo\u017enost V\u00e1m nab\u00edz\u00ed st\u00e1nkov\u00fd prodej. Nab\u00edzejte sv\u00e9 v\u00fdrobky z\u00e1kazn\u00edk\u016fm na pout\u00edch \u010di m\u011bstsk\u00fdch slavnostech. T\u011bch se po\u0159\u00e1d\u00e1 od jara do l\u00e9ta nespo\u010det. Velk\u00e1 popt\u00e1vka je po fast foodu, zmrzlin\u011b, ale i produktech ru\u010dn\u00ed pr\u00e1ce. M\u00e1te-li talent na v\u00fdrobu \u0161perk\u016f, sv\u00ed\u010dek, vo\u0148av\u00fdch m\u00fddel a dal\u0161\u00ed p\u011bkn\u00fdch v\u011bci\u010dek, vyu\u017eijte jej. V\u00fdd\u011blky na sebe nenechaj\u00ed dlouho \u010dekat.                                                                                                                                                                                                                                                                                                                                                                                        4.9\/5 - (7 votes)        "},{"@context":"https:\/\/schema.org\/","@type":"BreadcrumbList","itemListElement":[{"@type":"ListItem","position":1,"name":"Napl\u00e1nujte si celou sez\u00f3nu","item":"https:\/\/www.labelle.cz\/naplanujte-si-celou-sezonu\/#breadcrumbitem"}]}]