[{"@context":"https:\/\/schema.org\/","@type":"Article","@id":"https:\/\/www.labelle.cz\/kancelarsky-nabytek\/#Article","mainEntityOfPage":"https:\/\/www.labelle.cz\/kancelarsky-nabytek\/","headline":"Kancel\u00e1\u0159sk\u00fd n\u00e1bytek","name":"Kancel\u00e1\u0159sk\u00fd n\u00e1bytek","description":"Z\u00edskali jste pro podnik\u00e1n\u00ed pracovn\u00ed prostory a chcete je rychle za\u0159\u00eddit, m\u00e1me pro V\u00e1s mnoho mo\u017enost\u00ed. Na modern\u00ed kancel\u00e1\u0159sk\u00fd n\u00e1bytek jsou kladeny velk\u00e9 n\u00e1roky a v praxi podl\u00e9h\u00e1 funk\u010dn\u00edm a bezpe\u010dnostn\u00edm krit\u00e9ri\u00edm a dokonal\u00e9mu designu. Sestavy do kancel\u00e1\u0159\u00ed se vyr\u00e1b\u00ed ve velk\u00fdch s\u00e9ri\u00edch. My V\u00e1m nab\u00edz\u00edme osv\u011bd\u010den\u00fd a popt\u00e1van\u00fd modern\u00ed","datePublished":"2025-02-12","dateModified":"2025-02-12","author":{"@type":"Person","@id":"https:\/\/www.labelle.cz\/author\/#Person","name":"","url":"https:\/\/www.labelle.cz\/author\/","identifier":1,"image":{"@type":"ImageObject","@id":"https:\/\/secure.gravatar.com\/avatar\/9d25b0af9840660883a67790aa4f595ddc226aa4680c4cf7bc03a25c14fcef85?s=96&d=mm&r=g","url":"https:\/\/secure.gravatar.com\/avatar\/9d25b0af9840660883a67790aa4f595ddc226aa4680c4cf7bc03a25c14fcef85?s=96&d=mm&r=g","height":96,"width":96}},"publisher":{"@type":"Organization","name":"labelle.cz","logo":{"@type":"ImageObject","@id":"\/logo.png","url":"\/logo.png","width":600,"height":60}},"url":"https:\/\/www.labelle.cz\/kancelarsky-nabytek\/","wordCount":168,"articleBody":" Z\u00edskali jste pro podnik\u00e1n\u00ed pracovn\u00ed prostory a chcete je rychle za\u0159\u00eddit, m\u00e1me pro V\u00e1s mnoho mo\u017enost\u00ed. Na modern\u00ed kancel\u00e1\u0159sk\u00fd n\u00e1bytek jsou kladeny velk\u00e9 n\u00e1roky a v praxi podl\u00e9h\u00e1 funk\u010dn\u00edm a bezpe\u010dnostn\u00edm krit\u00e9ri\u00edm a dokonal\u00e9mu designu. Sestavy do kancel\u00e1\u0159\u00ed se vyr\u00e1b\u00ed ve velk\u00fdch s\u00e9ri\u00edch. My V\u00e1m nab\u00edz\u00edme osv\u011bd\u010den\u00fd a popt\u00e1van\u00fd modern\u00ed kancel\u00e1\u0159sk\u00fd n\u00e1bytek vysok\u00e9 kvality garantovan\u00fdch v\u00fdrobc\u016f. Cel\u00e9 sestavy na nov\u00e1 pracovi\u0161t\u011b, ale i vybaven\u00ed a jednotliv\u00e9 komponenty do renovovan\u00fdch kancel\u00e1\u0159\u00ed. R\u016fzn\u00e9 kombinace materi\u00e1l\u016f a barev. Spolupracujeme s V\u00e1mi Ud\u011blejte si p\u0159edstavu a pod\u00edvejte se na na\u0161e prezentace. Na\u0161i design\u00e9\u0159i V\u00e1m ud\u011blaj\u00ed n\u00e1vrh p\u0159\u00edmo do projektu Va\u0161eho interi\u00e9ru. Vyberou modern\u00ed kancel\u00e1\u0159sk\u00fd n\u00e1bytek vhodn\u00fd pro Va\u0161e z\u00e1zem\u00ed dle Va\u0161ich financ\u00ed. Nab\u00edz\u00edme velmi solidn\u00ed z\u00e1ruky.                                                                                                                                                                                                                                                                                                                                                                                                "},{"@context":"https:\/\/schema.org\/","@type":"BreadcrumbList","itemListElement":[{"@type":"ListItem","position":1,"name":"Kancel\u00e1\u0159sk\u00fd n\u00e1bytek","item":"https:\/\/www.labelle.cz\/kancelarsky-nabytek\/#breadcrumbitem"}]}]