[{"@context":"https:\/\/schema.org\/","@type":"Article","@id":"https:\/\/www.labelle.cz\/diky-tonovanemu-sklu-bude-jizda-ve-vasem-voze-o-mnoho-prijemnejsi\/#Article","mainEntityOfPage":"https:\/\/www.labelle.cz\/diky-tonovanemu-sklu-bude-jizda-ve-vasem-voze-o-mnoho-prijemnejsi\/","headline":"D\u00edky t\u00f3novan\u00e9mu sklu bude j\u00edzda ve va\u0161em voze o mnoho p\u0159\u00edjemn\u011bj\u0161\u00ed","name":"D\u00edky t\u00f3novan\u00e9mu sklu bude j\u00edzda ve va\u0161em voze o mnoho p\u0159\u00edjemn\u011bj\u0161\u00ed","description":"P\u0159ejete si, aby va\u0161e auto bylo o n\u011bco p\u0159\u00edjemn\u011bj\u0161\u00ed, a mysl\u00edte si, \u017ee ta spr\u00e1vn\u00e1 cesta jsou pr\u00e1v\u011b autof\u00f3lie? Tyto pom\u016fcky ud\u011blaj\u00ed svou pr\u00e1ci na jedni\u010dku, a o to v\u00edc, kdy\u017e si je nech\u00e1te namontovat pr\u00e1v\u011b u n\u00e1s, kde m\u00e1te v\u00fdsledek jist\u00fd na jedni\u010dku. Nen\u00ed nic lep\u0161\u00edho, ne\u017e kdy\u017e m\u00e1te","datePublished":"2025-03-11","dateModified":"2025-03-11","author":{"@type":"Person","@id":"https:\/\/www.labelle.cz\/author\/#Person","name":"","url":"https:\/\/www.labelle.cz\/author\/","identifier":1,"image":{"@type":"ImageObject","@id":"https:\/\/secure.gravatar.com\/avatar\/9d25b0af9840660883a67790aa4f595ddc226aa4680c4cf7bc03a25c14fcef85?s=96&d=mm&r=g","url":"https:\/\/secure.gravatar.com\/avatar\/9d25b0af9840660883a67790aa4f595ddc226aa4680c4cf7bc03a25c14fcef85?s=96&d=mm&r=g","height":96,"width":96}},"publisher":{"@type":"Organization","name":"labelle.cz","logo":{"@type":"ImageObject","@id":"\/logo.png","url":"\/logo.png","width":600,"height":60}},"url":"https:\/\/www.labelle.cz\/diky-tonovanemu-sklu-bude-jizda-ve-vasem-voze-o-mnoho-prijemnejsi\/","wordCount":192,"articleBody":"P\u0159ejete si, aby va\u0161e auto bylo o n\u011bco p\u0159\u00edjemn\u011bj\u0161\u00ed, a mysl\u00edte si, \u017ee ta spr\u00e1vn\u00e1 cesta jsou pr\u00e1v\u011b autof\u00f3lie? Tyto pom\u016fcky ud\u011blaj\u00ed svou pr\u00e1ci na jedni\u010dku, a o to v\u00edc, kdy\u017e si je nech\u00e1te namontovat pr\u00e1v\u011b u n\u00e1s, kde m\u00e1te v\u00fdsledek jist\u00fd na jedni\u010dku.Nen\u00ed nic lep\u0161\u00edho, ne\u017e kdy\u017e m\u00e1te radost z dobr\u00e9ho n\u00e1kupu. Kdy\u017e p\u0159ijedete k v\u00e1m, n\u00edzk\u00e9 ceny nebudou jedin\u00e9, co v\u00e1m ud\u011bl\u00e1 radost. Stejn\u011b tak jako ceny, i kvalita pr\u00e1ce a samotn\u00e9 autof\u00f3lie jsou u n\u00e1s na vysok\u00e9 \u00farovni, co\u017e pozn\u00e1te sami, a\u017e p\u0159ijedete k n\u00e1m.V\u00fdhody jsou skv\u011bl\u00e9Autof\u00f3lie maj\u00ed ur\u010dit\u00e9 v\u00fdhody, d\u00edky kter\u00fdm byste si je m\u011bli nechat namontovat i vy. Bu\u010fte si jisti, \u017ee pokud budete cht\u00edt f\u00f3lie na va\u0161e auto, my jsme ti nejlep\u0161\u00ed, kdo v\u00e1m je m\u016f\u017ee za\u0159\u00eddit, a proto nev\u00e1hejte, a p\u0159ije\u010fte co nejd\u0159\u00edve pr\u00e1v\u011b k n\u00e1m.                                                                                                                                                                                                                                                                                                                                                                                                "},{"@context":"https:\/\/schema.org\/","@type":"BreadcrumbList","itemListElement":[{"@type":"ListItem","position":1,"name":"D\u00edky t\u00f3novan\u00e9mu sklu bude j\u00edzda ve va\u0161em voze o mnoho p\u0159\u00edjemn\u011bj\u0161\u00ed","item":"https:\/\/www.labelle.cz\/diky-tonovanemu-sklu-bude-jizda-ve-vasem-voze-o-mnoho-prijemnejsi\/#breadcrumbitem"}]}]